{"id":5853,"date":"2020-10-05T13:09:27","date_gmt":"2020-10-05T11:09:27","guid":{"rendered":"http:\/\/www.fekk.si\/?p=5853"},"modified":"2020-10-05T13:10:43","modified_gmt":"2020-10-05T11:10:43","slug":"ferfekk","status":"publish","type":"post","link":"http:\/\/arhiv.fekk.si\/2020\/ferfekk\/","title":{"rendered":"FER FEKK"},"content":{"rendered":"<div class=\"excerpt\">\n<p>FER FeKK bo ob svoji \u010detrti ediciji v Kinu \u0160i\u0161ka predstavil \u017eanrsko raznolik jagodni izbor slovenskih sodobnih kratkometra\u017ecev, ki so v zadnjih letih zaznamovali doma\u010do in mednarodno (kratko)filmsko krajino. Program prina\u0161a igrane, animirane in dokumentarne filme, ki so bili predstavljeni na najve\u010djih festivalih kratkega filma po svetu, obenem pa ponuja vpogled v \u0161irino in domet slovenske kratkometra\u017ene produkcije. Vsi predvajani filmi bodo opremljeni s podnapisi za gluhe in naglu\u0161ne ter avdiodeskripcijo za slepe in slabovidne osebe v slovenskem jeziku.<\/p>\n<\/div>\n<p>Projekcijo bo uvedla okrogla miza na temo sistemskega urejanja avdiodeskripcij za sofinancirane filmske projekte ter (nez)mo\u017enosti prikazovanja opremljenih filmov.<\/p>\n<p>\u010casovnica:<\/p>\n<p><b>17:30 Okrogla miza<\/b> na temo sistemskega urejanja avdiodeskripcij za sofinancirane filmske projekte ter (nez)mo\u017enosti prikazovanja opremljenih filmov<\/p>\n<p><b>19:00 Projekcija kratkometra\u017enih filmov<\/b><\/p>\n<p><b>Organizacija: FeKK \u2013 festival kratkega filma v Ljubljani, Dru\u0161tvo Kraken in Kino \u0160i\u0161ka<\/b><\/p>\n<p><b>Vstop prost.<\/b><\/p>\n","protected":false},"excerpt":{"rendered":"<p>Okrogla miza in projekcija kratkometra\u017enih filmov<\/p>\n","protected":false},"author":2,"featured_media":0,"comment_status":"closed","ping_status":"open","sticky":false,"template":"","format":"standard","meta":[],"categories":[31],"tags":[],"_links":{"self":[{"href":"http:\/\/arhiv.fekk.si\/2020\/wp-json\/wp\/v2\/posts\/5853"}],"collection":[{"href":"http:\/\/arhiv.fekk.si\/2020\/wp-json\/wp\/v2\/posts"}],"about":[{"href":"http:\/\/arhiv.fekk.si\/2020\/wp-json\/wp\/v2\/types\/post"}],"author":[{"embeddable":true,"href":"http:\/\/arhiv.fekk.si\/2020\/wp-json\/wp\/v2\/users\/2"}],"replies":[{"embeddable":true,"href":"http:\/\/arhiv.fekk.si\/2020\/wp-json\/wp\/v2\/comments?post=5853"}],"version-history":[{"count":2,"href":"http:\/\/arhiv.fekk.si\/2020\/wp-json\/wp\/v2\/posts\/5853\/revisions"}],"predecessor-version":[{"id":5855,"href":"http:\/\/arhiv.fekk.si\/2020\/wp-json\/wp\/v2\/posts\/5853\/revisions\/5855"}],"wp:attachment":[{"href":"http:\/\/arhiv.fekk.si\/2020\/wp-json\/wp\/v2\/media?parent=5853"}],"wp:term":[{"taxonomy":"category","embeddable":true,"href":"http:\/\/arhiv.fekk.si\/2020\/wp-json\/wp\/v2\/categories?post=5853"},{"taxonomy":"post_tag","embeddable":true,"href":"http:\/\/arhiv.fekk.si\/2020\/wp-json\/wp\/v2\/tags?post=5853"}],"curies":[{"name":"wp","href":"https:\/\/api.w.org\/{rel}","templated":true}]}}