{"id":4921,"date":"2020-08-06T11:52:41","date_gmt":"2020-08-06T09:52:41","guid":{"rendered":"http:\/\/www.fekk.si\/?p=4921"},"modified":"2020-08-06T12:18:10","modified_gmt":"2020-08-06T10:18:10","slug":"kritiska-zirija","status":"publish","type":"post","link":"http:\/\/arhiv.fekk.si\/2020\/kritiska-zirija\/","title":{"rendered":"Kriti\u0161ka \u017dirija"},"content":{"rendered":"<p>[vc_row][vc_column width=&#8221;1\/2&#8243;][vc_single_image image=&#8221;4948&#8243; img_size=&#8221;full&#8221; full_width=&#8221;1&#8243; opacity=&#8221;100&#8243;][\/vc_column][vc_column width=&#8221;1\/2&#8243;][vc_column_text]Oskar Ban Brejc je gimnazijski maturant. \u017de zgodaj se je za\u010del zanimati za pisanje o filmu in pri sedemnajstih letih objavil svoje prvo besedilo v <i>Ekranu<\/i>. Kmalu se\u00a0je za\u010del udele\u017eevati kriti\u0161kih delavnic Ostrenje pogleda in Mad About Film na Liffu. Od takrat njegovo zanimanje za filmsko kritiko in teorijo raste; danes redno objavlja v revijah <i>KINO!<\/i> in <i>Ekran<\/i>, pogosto pa prispeva tudi besedila za festivalske kataloge (Kino Otok). Redno se udele\u017euje filmskih festivalov v regiji, kot sta festival v Motovunu in Sarajevu. Predvsem pa rad gleda filme.[\/vc_column_text][\/vc_column][\/vc_row][vc_row][vc_column width=&#8221;1\/2&#8243;][vc_single_image image=&#8221;4946&#8243; img_size=&#8221;full&#8221; full_width=&#8221;1&#8243; opacity=&#8221;100&#8243;][\/vc_column][vc_column width=&#8221;1\/2&#8243;][vc_column_text]Anja Banko je magistrica francistike in rusistike, samozaposlena v kulturi. Trenutno je strokovna sodelavka v Kinodvorovem programu za otroke in mlade. Je tudi redna sodelavka Redakcije za kulturo in humanisti\u010dne vede na Radiu \u0160tudent ter redaktorica Temne zvezde, mese\u010dne avtorske oddaje o filmu in filmskem. Sicer se ukvarja predvsem s filmsko kritiko, pi\u0161e za vidnej\u0161e doma\u010de strokovne filmske publikacije, prav tako pripravlja filmska pedago\u0161ka gradiva in vodi filmski kro\u017eek na Gimnaziji Be\u017eigrad.[\/vc_column_text][\/vc_column][\/vc_row][vc_row][vc_column width=&#8221;1\/2&#8243;][vc_single_image image=&#8221;4947&#8243; img_size=&#8221;full&#8221; full_width=&#8221;1&#8243; opacity=&#8221;100&#8243;][\/vc_column][vc_column width=&#8221;1\/2&#8243;][vc_column_text]Jernej Trebe\u017enik je etnolog in kulturni antropolog, ki \u017ee nekaj let precej svojega \u010dasa posve\u010da filmu in filmski kritiki. Redno objavlja na Radiu \u0160tudent, v revijah <i>Ekran<\/i>, <i>Dialogi<\/i>, <i>KINO!<\/i>, <i>Kinote\u010dnik<\/i> in \u0161e kje. Veliko obiskuje filmske\u00a0 festivale v Sloveniji in tujini, z nekaterimi ob\u010dasno na razne na\u010dine tudi sodeluje.[\/vc_column_text][\/vc_column][\/vc_row]<\/p>\n","protected":false},"excerpt":{"rendered":"<p>[vc_row][vc_column width=&#8221;1\/2&#8243;][vc_single_image image=&#8221;4948&#8243; img_size=&#8221;full&#8221; full_width=&#8221;1&#8243; opacity=&#8221;100&#8243;][\/vc_column][vc_column width=&#8221;1\/2&#8243;][vc_column_text]Oskar Ban Brejc je gimnazijski maturant. \u017de zgodaj se je za\u010del zanimati za pisanje o filmu in pri sedemnajstih letih objavil svoje prvo besedilo v Ekranu. Kmalu se\u00a0je za\u010del udele\u017eevati kriti\u0161kih delavnic Ostrenje pogleda in Mad About Film na Liffu. Od takrat njegovo zanimanje za filmsko kritiko in teorijo&#8230;<\/p>\n<p><a rel=\"bookmark\" class=\"superflick_button_alt2 wvc-button wvc-button-size-xs\" href=\"http:\/\/arhiv.fekk.si\/2020\/kritiska-zirija\/\"><span>Continue reading<\/span><\/a><\/p>\n","protected":false},"author":2,"featured_media":0,"comment_status":"closed","ping_status":"open","sticky":false,"template":"","format":"standard","meta":[],"categories":[32],"tags":[],"_links":{"self":[{"href":"http:\/\/arhiv.fekk.si\/2020\/wp-json\/wp\/v2\/posts\/4921"}],"collection":[{"href":"http:\/\/arhiv.fekk.si\/2020\/wp-json\/wp\/v2\/posts"}],"about":[{"href":"http:\/\/arhiv.fekk.si\/2020\/wp-json\/wp\/v2\/types\/post"}],"author":[{"embeddable":true,"href":"http:\/\/arhiv.fekk.si\/2020\/wp-json\/wp\/v2\/users\/2"}],"replies":[{"embeddable":true,"href":"http:\/\/arhiv.fekk.si\/2020\/wp-json\/wp\/v2\/comments?post=4921"}],"version-history":[{"count":3,"href":"http:\/\/arhiv.fekk.si\/2020\/wp-json\/wp\/v2\/posts\/4921\/revisions"}],"predecessor-version":[{"id":4950,"href":"http:\/\/arhiv.fekk.si\/2020\/wp-json\/wp\/v2\/posts\/4921\/revisions\/4950"}],"wp:attachment":[{"href":"http:\/\/arhiv.fekk.si\/2020\/wp-json\/wp\/v2\/media?parent=4921"}],"wp:term":[{"taxonomy":"category","embeddable":true,"href":"http:\/\/arhiv.fekk.si\/2020\/wp-json\/wp\/v2\/categories?post=4921"},{"taxonomy":"post_tag","embeddable":true,"href":"http:\/\/arhiv.fekk.si\/2020\/wp-json\/wp\/v2\/tags?post=4921"}],"curies":[{"name":"wp","href":"https:\/\/api.w.org\/{rel}","templated":true}]}}