{"id":4721,"date":"2020-08-04T23:13:29","date_gmt":"2020-08-04T21:13:29","guid":{"rendered":"http:\/\/www.fekk.si\/?p=4721"},"modified":"2020-08-17T16:46:48","modified_gmt":"2020-08-17T14:46:48","slug":"profekk-uvodnik","status":"publish","type":"post","link":"http:\/\/arhiv.fekk.si\/2020\/profekk-uvodnik\/","title":{"rendered":"Tretji PROFeKK \u2013 ker v tretje gre rado"},"content":{"rendered":"<p class=\"p1\"><span class=\"s1\">Celo v vsestransko katastrofi\u010dnem letu 2020 na slovenski filmski \u017eivelj ob\u010dasno posije kak \u017earek upanja. Tako se nam obetajo kar \u0161tirje dnevi metafori\u010dnega opoldanskega sonca v obliki tretje izvedbe strokovnega programa za kratkofilmske profesionalce PROFeKK, ki je bil dolgo \u010dasa pod vpra\u0161ajem. \u0160e dobro, da gre v tretje rado in da je svetu zaenkrat uspelo pre\u017eiveti lasten konec. <\/span><\/p>\n<p class=\"p1\"><span class=\"s1\">Od konca marca do za\u010detka junija so sicer pri nas kar \u010dez no\u010d umanjkale kinodvorane, ti posvetno-sveti prostori, ki so sicer glavni, a nikakor edini fizi\u010dni prostor, ki daje zavetje filmski umetnosti, kar je \u0161e posebej opazno na filmskih festivalih. Tako na leto\u0161njem PROFeKK-u v sredi\u0161\u010de zanimanja postavljamo prav posebne kino prostore v mestu, na vasi in povsod vmes, o \u010demer se bomo pogovarjali s kopico zgovornih doma\u010dih in tujih gostov, predstavnikov Postaje Topolove (IT), prostoRo\u017ea in festivala EDO (SI), Lago Film Festa (IT), Kina Katarina in filmskega festivala Tabor (HR). Temo dopolnjujemo z dvema avstrijskima gostoma, \u010darodejema snovanja distribucijskih strategij, Marije Milovanovi\u0107 iz agencije LEMONADE FILMS in Wouterja Jansena iz agencije Square Eyes, ki bosta govorila o ume\u0161\u010danju kratkih filmov v festivalske programe. Doma\u010di filmar Rok Kajzer Nagode pa bo spregovoril o tem, kako najti prostor za filmske klasike v digitalni sedanjosti, natan\u010dneje o izku\u0161nji digitalizacije in restavracije kratkega filma <i>V temi<\/i> (1979) \u017darka Lu\u017enika, ki si ga bomo ob predstavitvi tudi ogledali. <\/span><\/p>\n<p class=\"p1\"><span class=\"s1\">Sodelovanje z znamenitim poljskim festivalom kratkega filma Short Waves prina\u0161a edinstven spletno-\u017eiv dogodek z zgovornim naslovom Potencial kratkega filma pri oblikovanju skupnosti in izobra\u017eevalnih dejavnostih. FeKK galaksijo bosta zastopali zastopali Viviana Carlet (Lago Film Fest) in Ana Cerar (Kino Otok). <\/span><\/p>\n<p class=\"p1\"><span class=\"s1\">Po prijateljskem prevzemu bo na FeKK-u tudi letos potekala Kratka scena, peto leto zapored prva in edina scenaristi\u010dna delavnica za kratki film v Sloveniji, tokrat pod mentorstvom Wima Vanackerja, priznanega mednarodnega strokovnjaka s podro\u010dja scenaristike, trenutek za svetlo prihodnost pa predstavljajo tudi mladi udele\u017eenci<span class=\"Apple-converted-space\">\u00a0 <\/span>filmskokriti\u0161ke delavnice Ostrenje pogleda, ki bodo pozorno pretresali kratke filme na FeKK-u.<\/span><\/p>\n<p class=\"p1\"><span class=\"s1\">Skratka, n e p o z a b n o b o, kljub vsesplo\u0161ni katastrofi. Pridite.\u00a0<\/span><\/p>\n<p>Tanja Hladnik<\/p>\n","protected":false},"excerpt":{"rendered":"<p>Celo v vsestransko katastrofi\u010dnem letu 2020 na slovenski filmski \u017eivelj ob\u010dasno posije kak \u017earek upanja.<\/p>\n","protected":false},"author":2,"featured_media":0,"comment_status":"closed","ping_status":"open","sticky":false,"template":"","format":"standard","meta":[],"categories":[31],"tags":[],"_links":{"self":[{"href":"http:\/\/arhiv.fekk.si\/2020\/wp-json\/wp\/v2\/posts\/4721"}],"collection":[{"href":"http:\/\/arhiv.fekk.si\/2020\/wp-json\/wp\/v2\/posts"}],"about":[{"href":"http:\/\/arhiv.fekk.si\/2020\/wp-json\/wp\/v2\/types\/post"}],"author":[{"embeddable":true,"href":"http:\/\/arhiv.fekk.si\/2020\/wp-json\/wp\/v2\/users\/2"}],"replies":[{"embeddable":true,"href":"http:\/\/arhiv.fekk.si\/2020\/wp-json\/wp\/v2\/comments?post=4721"}],"version-history":[{"count":3,"href":"http:\/\/arhiv.fekk.si\/2020\/wp-json\/wp\/v2\/posts\/4721\/revisions"}],"predecessor-version":[{"id":5314,"href":"http:\/\/arhiv.fekk.si\/2020\/wp-json\/wp\/v2\/posts\/4721\/revisions\/5314"}],"wp:attachment":[{"href":"http:\/\/arhiv.fekk.si\/2020\/wp-json\/wp\/v2\/media?parent=4721"}],"wp:term":[{"taxonomy":"category","embeddable":true,"href":"http:\/\/arhiv.fekk.si\/2020\/wp-json\/wp\/v2\/categories?post=4721"},{"taxonomy":"post_tag","embeddable":true,"href":"http:\/\/arhiv.fekk.si\/2020\/wp-json\/wp\/v2\/tags?post=4721"}],"curies":[{"name":"wp","href":"https:\/\/api.w.org\/{rel}","templated":true}]}}