{"id":4169,"date":"2020-08-03T16:04:58","date_gmt":"2020-08-03T14:04:58","guid":{"rendered":"http:\/\/www.fekk.si\/?p=4169"},"modified":"2020-08-03T16:04:58","modified_gmt":"2020-08-03T14:04:58","slug":"zunaj-cvetijo-pomarance-outside-the-oranges-are-blooming","status":"publish","type":"post","link":"http:\/\/arhiv.fekk.si\/2020\/zunaj-cvetijo-pomarance-outside-the-oranges-are-blooming\/","title":{"rendered":"Zunaj cvetijo pomaran\u010de \/ Outside the Oranges Are Blooming"},"content":{"rendered":"<p>[vc_row equal_height=&#8221;&#8221; shift_y=&#8221;0&#8243; z_index=&#8221;0&#8243; css=&#8221;.vc_custom_1533807818269{margin-bottom: 50px !important;padding-bottom: 0px !important;}&#8221;][vc_column][vc_column_text]Srbija, Portugalska, dokumentarni, 2019, 20&#8242;<\/p>\n<p>Visoko v gorah nek mo\u0161ki sam vztraja v izginjajo\u010di vasi. Ko tava skozi megleno naravo in se potika med zidovi svoje temne hi\u0161e, objokuje svoje stanje kot \u010dlovek, obsojen na slu\u017eenje okolici, ki jo sam zavra\u010da.[\/vc_column_text][\/vc_column][\/vc_row][vc_row equal_height=&#8221;&#8221; shift_y=&#8221;0&#8243; z_index=&#8221;0&#8243; css=&#8221;.vc_custom_1533807762926{margin-top: 0px !important;padding-top: 0px !important;}&#8221;][vc_column content_placement=&#8221;middle&#8221; width=&#8221;1\/2&#8243; shift_x=&#8221;0&#8243; shift_y=&#8221;0&#8243; z_index=&#8221;0&#8243;][vc_column_text]Re\u017eija: Nevena Desivojevi\u0107<br \/>\nScenarij: Nevena Desivojevi\u0107<br \/>\nFotografija: Christina Hanes, Nevenda Desivojevi\u0107<br \/>\nMonta\u017ea: Francisco Matos Morreira, Nevena Desivojevi\u0107, Pedro Peralta<br \/>\nZvok: Dane Vlaisavljevi\u0107<br \/>\nProdukcija: Black Rooster Studio, Terratremes Filmes<span class=\"Apple-converted-space\">\u00a0<\/span>[\/vc_column_text][\/vc_column][vc_column content_type=&#8221;block-media&#8221; width=&#8221;1\/2&#8243; shift_x=&#8221;0&#8243; shift_y=&#8221;0&#8243; z_index=&#8221;0&#8243;][vc_video][\/vc_column][\/vc_row]<\/p>\n","protected":false},"excerpt":{"rendered":"<p>Nevena Desivojevi\u0107, Srbija, Portugalska, dokumentarni, 2019, 20&#8242;<\/p>\n","protected":false},"author":2,"featured_media":4170,"comment_status":"closed","ping_status":"open","sticky":false,"template":"","format":"standard","meta":[],"categories":[36,32],"tags":[],"_links":{"self":[{"href":"http:\/\/arhiv.fekk.si\/2020\/wp-json\/wp\/v2\/posts\/4169"}],"collection":[{"href":"http:\/\/arhiv.fekk.si\/2020\/wp-json\/wp\/v2\/posts"}],"about":[{"href":"http:\/\/arhiv.fekk.si\/2020\/wp-json\/wp\/v2\/types\/post"}],"author":[{"embeddable":true,"href":"http:\/\/arhiv.fekk.si\/2020\/wp-json\/wp\/v2\/users\/2"}],"replies":[{"embeddable":true,"href":"http:\/\/arhiv.fekk.si\/2020\/wp-json\/wp\/v2\/comments?post=4169"}],"version-history":[{"count":1,"href":"http:\/\/arhiv.fekk.si\/2020\/wp-json\/wp\/v2\/posts\/4169\/revisions"}],"predecessor-version":[{"id":4171,"href":"http:\/\/arhiv.fekk.si\/2020\/wp-json\/wp\/v2\/posts\/4169\/revisions\/4171"}],"wp:featuredmedia":[{"embeddable":true,"href":"http:\/\/arhiv.fekk.si\/2020\/wp-json\/wp\/v2\/media\/4170"}],"wp:attachment":[{"href":"http:\/\/arhiv.fekk.si\/2020\/wp-json\/wp\/v2\/media?parent=4169"}],"wp:term":[{"taxonomy":"category","embeddable":true,"href":"http:\/\/arhiv.fekk.si\/2020\/wp-json\/wp\/v2\/categories?post=4169"},{"taxonomy":"post_tag","embeddable":true,"href":"http:\/\/arhiv.fekk.si\/2020\/wp-json\/wp\/v2\/tags?post=4169"}],"curies":[{"name":"wp","href":"https:\/\/api.w.org\/{rel}","templated":true}]}}