{"id":4159,"date":"2020-08-03T15:58:30","date_gmt":"2020-08-03T13:58:30","guid":{"rendered":"http:\/\/www.fekk.si\/?p=4159"},"modified":"2020-08-03T15:58:30","modified_gmt":"2020-08-03T13:58:30","slug":"zadnja-slika-oceta-poslednja-slika-o-ocu-the-last-image-of-father","status":"publish","type":"post","link":"http:\/\/arhiv.fekk.si\/2020\/zadnja-slika-oceta-poslednja-slika-o-ocu-the-last-image-of-father\/","title":{"rendered":"Zadnja slika o\u010deta \/ Poslednja slika o ocu \/ The Last Image of Father"},"content":{"rendered":"<p>[vc_row equal_height=&#8221;&#8221; shift_y=&#8221;0&#8243; z_index=&#8221;0&#8243; css=&#8221;.vc_custom_1533807818269{margin-bottom: 50px !important;padding-bottom: 0px !important;}&#8221;][vc_column][vc_column_text]Srbija, igrani, 2019, 20\u2019<\/p>\n<p>Du\u0161an in Laza potujeta proti Beogradu prek vzhodne Srbije. Neozdravljivo bolni Du\u0161an mora najti nov dom za svojega sina Laza, ki mu sam predstavlja vse, kar ima.[\/vc_column_text][\/vc_column][\/vc_row][vc_row equal_height=&#8221;&#8221; shift_y=&#8221;0&#8243; z_index=&#8221;0&#8243; css=&#8221;.vc_custom_1533807762926{margin-top: 0px !important;padding-top: 0px !important;}&#8221;][vc_column content_placement=&#8221;middle&#8221; width=&#8221;1\/2&#8243; shift_x=&#8221;0&#8243; shift_y=&#8221;0&#8243; z_index=&#8221;0&#8243;][vc_column_text]Re\u017eija: Stefan \u0110or\u0111evi\u0107<br \/>\nScenarij: Stefan \u0110or\u0111evi\u0107<br \/>\nFotografija: Damjan Radovanovi\u0107<br \/>\nMonta\u017ea: Dragan von Petrovi\u0107<br \/>\nScenografija: Dragana Bacovi\u0107<br \/>\nKostumografija: Biljana Grgur<br \/>\nZvok: Dane Vlaisavljevi\u0107<br \/>\nMaska: Milica Stankovi\u0107<br \/>\nIgrajo: Igor Ben\u010dina, Marko Mati\u0107, Marina Red\u017eepovi\u0107<br \/>\nProdukcija: All Inclusive Films (Andrijana Stojkovi\u0107), Emote Productions (Marija Lero)<span class=\"Apple-converted-space\">\u00a0<\/span>[\/vc_column_text][\/vc_column][vc_column content_type=&#8221;block-media&#8221; width=&#8221;1\/2&#8243; shift_x=&#8221;0&#8243; shift_y=&#8221;0&#8243; z_index=&#8221;0&#8243;][vc_video][\/vc_column][\/vc_row]<\/p>\n","protected":false},"excerpt":{"rendered":"<p>Stefan \u0110or\u0111evi\u0107, Srbija, igrani, 2019, 20\u2019<\/p>\n","protected":false},"author":2,"featured_media":4160,"comment_status":"closed","ping_status":"open","sticky":false,"template":"","format":"standard","meta":[],"categories":[36,32],"tags":[],"_links":{"self":[{"href":"http:\/\/arhiv.fekk.si\/2020\/wp-json\/wp\/v2\/posts\/4159"}],"collection":[{"href":"http:\/\/arhiv.fekk.si\/2020\/wp-json\/wp\/v2\/posts"}],"about":[{"href":"http:\/\/arhiv.fekk.si\/2020\/wp-json\/wp\/v2\/types\/post"}],"author":[{"embeddable":true,"href":"http:\/\/arhiv.fekk.si\/2020\/wp-json\/wp\/v2\/users\/2"}],"replies":[{"embeddable":true,"href":"http:\/\/arhiv.fekk.si\/2020\/wp-json\/wp\/v2\/comments?post=4159"}],"version-history":[{"count":1,"href":"http:\/\/arhiv.fekk.si\/2020\/wp-json\/wp\/v2\/posts\/4159\/revisions"}],"predecessor-version":[{"id":4161,"href":"http:\/\/arhiv.fekk.si\/2020\/wp-json\/wp\/v2\/posts\/4159\/revisions\/4161"}],"wp:featuredmedia":[{"embeddable":true,"href":"http:\/\/arhiv.fekk.si\/2020\/wp-json\/wp\/v2\/media\/4160"}],"wp:attachment":[{"href":"http:\/\/arhiv.fekk.si\/2020\/wp-json\/wp\/v2\/media?parent=4159"}],"wp:term":[{"taxonomy":"category","embeddable":true,"href":"http:\/\/arhiv.fekk.si\/2020\/wp-json\/wp\/v2\/categories?post=4159"},{"taxonomy":"post_tag","embeddable":true,"href":"http:\/\/arhiv.fekk.si\/2020\/wp-json\/wp\/v2\/tags?post=4159"}],"curies":[{"name":"wp","href":"https:\/\/api.w.org\/{rel}","templated":true}]}}