{"id":4129,"date":"2020-08-03T15:34:53","date_gmt":"2020-08-03T13:34:53","guid":{"rendered":"http:\/\/www.fekk.si\/?p=4129"},"modified":"2020-08-05T16:23:52","modified_gmt":"2020-08-05T14:23:52","slug":"se-vedno-ne-vem-jos-uvijek-ne-znam-i-still-dont-know","status":"publish","type":"post","link":"http:\/\/arhiv.fekk.si\/2020\/se-vedno-ne-vem-jos-uvijek-ne-znam-i-still-dont-know\/","title":{"rendered":"\u0160e vedno ne vem \/ Jo\u0161 uvijek ne znam \/ I Still Don&#8217;t Know"},"content":{"rendered":"<p>[vc_row equal_height=&#8221;&#8221; shift_y=&#8221;0&#8243; z_index=&#8221;0&#8243; css=&#8221;.vc_custom_1533807818269{margin-bottom: 50px !important;padding-bottom: 0px !important;}&#8221;][vc_column][vc_column_text]Hrva\u0161ka, eksperimentalni, dokumentarni 2020, 5&#8242;<\/p>\n<p>Film pripoveduje o prizadevanjih za spravo s svojim domom. Ali s tistim, kar je bilo dolgo nazaj na\u0161 dom. Ali vsaj s tistim, kar imamo v na\u0161i dru\u017eini za svoj dom. Ali s tistim, kar se nam ne zdi ve\u010d kot na\u0161 dom. Ali pa je to film o soo\u010denju s spoznanjem, da smo sre\u010dnej\u0161i nekje drugje, z nekom drugim?[\/vc_column_text][\/vc_column][\/vc_row][vc_row equal_height=&#8221;&#8221; shift_y=&#8221;0&#8243; z_index=&#8221;0&#8243; css=&#8221;.vc_custom_1533807762926{margin-top: 0px !important;padding-top: 0px !important;}&#8221;][vc_column content_placement=&#8221;middle&#8221; width=&#8221;1\/2&#8243; shift_x=&#8221;0&#8243; shift_y=&#8221;0&#8243; z_index=&#8221;0&#8243;][vc_column_text]Re\u017eija: Bela Bra\u010dko-Mile\u0161evi\u0107<br \/>\nScenarij: Bela Bra\u010dko-Mile\u0161evi\u0107, Luka Bosanac<br \/>\nFotografija: Bela Bra\u010dko-Mile\u0161evi\u0107<br \/>\nMonta\u017ea: Bela Bra\u010dko-Mile\u0161evi\u0107<br \/>\nZvok: Bela Bra\u010dko-Mile\u0161evi\u0107, Mislav Buni\u0107<br \/>\nProdukcija: Blank_Filmski inkubuator<span class=\"Apple-converted-space\">\u00a0<\/span>[\/vc_column_text][\/vc_column][vc_column content_type=&#8221;block-media&#8221; width=&#8221;1\/2&#8243; shift_x=&#8221;0&#8243; shift_y=&#8221;0&#8243; z_index=&#8221;0&#8243;][vc_video][\/vc_column][\/vc_row]<\/p>\n","protected":false},"excerpt":{"rendered":"<p>Bela Bra\u010dko-Mile\u0161evi\u0107, Hrva\u0161ka, eksperimentalni, dokumentarni 2020, 5&#8242;<\/p>\n","protected":false},"author":2,"featured_media":4840,"comment_status":"closed","ping_status":"open","sticky":false,"template":"","format":"standard","meta":[],"categories":[36,32],"tags":[],"_links":{"self":[{"href":"http:\/\/arhiv.fekk.si\/2020\/wp-json\/wp\/v2\/posts\/4129"}],"collection":[{"href":"http:\/\/arhiv.fekk.si\/2020\/wp-json\/wp\/v2\/posts"}],"about":[{"href":"http:\/\/arhiv.fekk.si\/2020\/wp-json\/wp\/v2\/types\/post"}],"author":[{"embeddable":true,"href":"http:\/\/arhiv.fekk.si\/2020\/wp-json\/wp\/v2\/users\/2"}],"replies":[{"embeddable":true,"href":"http:\/\/arhiv.fekk.si\/2020\/wp-json\/wp\/v2\/comments?post=4129"}],"version-history":[{"count":1,"href":"http:\/\/arhiv.fekk.si\/2020\/wp-json\/wp\/v2\/posts\/4129\/revisions"}],"predecessor-version":[{"id":4131,"href":"http:\/\/arhiv.fekk.si\/2020\/wp-json\/wp\/v2\/posts\/4129\/revisions\/4131"}],"wp:featuredmedia":[{"embeddable":true,"href":"http:\/\/arhiv.fekk.si\/2020\/wp-json\/wp\/v2\/media\/4840"}],"wp:attachment":[{"href":"http:\/\/arhiv.fekk.si\/2020\/wp-json\/wp\/v2\/media?parent=4129"}],"wp:term":[{"taxonomy":"category","embeddable":true,"href":"http:\/\/arhiv.fekk.si\/2020\/wp-json\/wp\/v2\/categories?post=4129"},{"taxonomy":"post_tag","embeddable":true,"href":"http:\/\/arhiv.fekk.si\/2020\/wp-json\/wp\/v2\/tags?post=4129"}],"curies":[{"name":"wp","href":"https:\/\/api.w.org\/{rel}","templated":true}]}}