{"id":4119,"date":"2020-08-03T15:27:13","date_gmt":"2020-08-03T13:27:13","guid":{"rendered":"http:\/\/www.fekk.si\/?p=4119"},"modified":"2020-08-03T15:27:13","modified_gmt":"2020-08-03T13:27:13","slug":"radiovizija-smisel-radiovizija-smisao-radiovision-the-meaning","status":"publish","type":"post","link":"http:\/\/arhiv.fekk.si\/2020\/radiovizija-smisel-radiovizija-smisao-radiovision-the-meaning\/","title":{"rendered":"Radiovizija \u2013 Smisel \/ Radiovizija &#8211; Smisao \/ Radiovision &#8211; The Meaning"},"content":{"rendered":"<p>[vc_row equal_height=&#8221;&#8221; shift_y=&#8221;0&#8243; z_index=&#8221;0&#8243; css=&#8221;.vc_custom_1533807818269{margin-bottom: 50px !important;padding-bottom: 0px !important;}&#8221;][vc_column][vc_column_text]Srbija, animirani, dokumentarni, 2018, 3&#8242;<\/p>\n<p>Slavni srbski romanopisec po navdihu izvirnega avdioposnetka iz leta 1992 i\u0161\u010de odgovor na vpra\u0161anje: \u00bb<i>Ali obstaja smisel \u017eivljenja in \u010de ja, kje je &#8230;?<\/i>\u00ab[\/vc_column_text][\/vc_column][\/vc_row][vc_row equal_height=&#8221;&#8221; shift_y=&#8221;0&#8243; z_index=&#8221;0&#8243; css=&#8221;.vc_custom_1533807762926{margin-top: 0px !important;padding-top: 0px !important;}&#8221;][vc_column content_placement=&#8221;middle&#8221; width=&#8221;1\/2&#8243; shift_x=&#8221;0&#8243; shift_y=&#8221;0&#8243; z_index=&#8221;0&#8243;][vc_column_text]Re\u017eija: Iva \u0106iri\u0107<br \/>\nScenarij: Iva \u0106iri\u0107, Gregor Zupanc<br \/>\nMonta\u017ea: Tijana Novi\u010di\u0107<br \/>\nAnimacija: Iva \u0106iri\u0107<br \/>\nZvok: Mi\u0107un Jaukovi\u0107, Dako Pua\u010d<br \/>\nGlasba: Mi\u0107un Jaukovi\u0107, Dako Pua\u010d<br \/>\nGlas: Me\u0161a Selimovi\u0107<br \/>\nProdukcija: Platforma (Milo\u0161 Ivanovi\u0107)[\/vc_column_text][\/vc_column][vc_column content_type=&#8221;block-media&#8221; width=&#8221;1\/2&#8243; shift_x=&#8221;0&#8243; shift_y=&#8221;0&#8243; z_index=&#8221;0&#8243;][vc_video][\/vc_column][\/vc_row]<\/p>\n","protected":false},"excerpt":{"rendered":"<p>Iva \u0106iri\u0107, Srbija, animirani, dokumentarni, 2018, 3&#8242;<\/p>\n","protected":false},"author":2,"featured_media":4120,"comment_status":"closed","ping_status":"open","sticky":false,"template":"","format":"standard","meta":[],"categories":[36,32],"tags":[],"_links":{"self":[{"href":"http:\/\/arhiv.fekk.si\/2020\/wp-json\/wp\/v2\/posts\/4119"}],"collection":[{"href":"http:\/\/arhiv.fekk.si\/2020\/wp-json\/wp\/v2\/posts"}],"about":[{"href":"http:\/\/arhiv.fekk.si\/2020\/wp-json\/wp\/v2\/types\/post"}],"author":[{"embeddable":true,"href":"http:\/\/arhiv.fekk.si\/2020\/wp-json\/wp\/v2\/users\/2"}],"replies":[{"embeddable":true,"href":"http:\/\/arhiv.fekk.si\/2020\/wp-json\/wp\/v2\/comments?post=4119"}],"version-history":[{"count":1,"href":"http:\/\/arhiv.fekk.si\/2020\/wp-json\/wp\/v2\/posts\/4119\/revisions"}],"predecessor-version":[{"id":4121,"href":"http:\/\/arhiv.fekk.si\/2020\/wp-json\/wp\/v2\/posts\/4119\/revisions\/4121"}],"wp:featuredmedia":[{"embeddable":true,"href":"http:\/\/arhiv.fekk.si\/2020\/wp-json\/wp\/v2\/media\/4120"}],"wp:attachment":[{"href":"http:\/\/arhiv.fekk.si\/2020\/wp-json\/wp\/v2\/media?parent=4119"}],"wp:term":[{"taxonomy":"category","embeddable":true,"href":"http:\/\/arhiv.fekk.si\/2020\/wp-json\/wp\/v2\/categories?post=4119"},{"taxonomy":"post_tag","embeddable":true,"href":"http:\/\/arhiv.fekk.si\/2020\/wp-json\/wp\/v2\/tags?post=4119"}],"curies":[{"name":"wp","href":"https:\/\/api.w.org\/{rel}","templated":true}]}}