{"id":4092,"date":"2020-08-03T15:05:21","date_gmt":"2020-08-03T13:05:21","guid":{"rendered":"http:\/\/www.fekk.si\/?p=4092"},"modified":"2020-08-06T13:20:41","modified_gmt":"2020-08-06T11:20:41","slug":"korenine-korijeni-the-roots","status":"publish","type":"post","link":"http:\/\/arhiv.fekk.si\/2020\/korenine-korijeni-the-roots\/","title":{"rendered":"Korenine \/ Korijeni \/ The Roots"},"content":{"rendered":"<p>[vc_row equal_height=&#8221;&#8221; shift_y=&#8221;0&#8243; z_index=&#8221;0&#8243; css=&#8221;.vc_custom_1533807818269{margin-bottom: 50px !important;padding-bottom: 0px !important;}&#8221;][vc_column][vc_column_text]Bosna in Hercegovina, dokumentarni, 2019, 16&#8242;<\/p>\n<p>Ko sem na poti k babici, da bi ji pomagal obirati le\u0161nike, me preplavijo spomini iz otro\u0161tva. Delo ni te\u017eko, misli, ki me obhajajo med delom, pa so. Moram se soo\u010diti s svojimi travmami in se \u0161e zadnji\u010d iskreno pogovoriti z bli\u017enjim, ki sem ga tragi\u010dno izgubil.[\/vc_column_text][\/vc_column][\/vc_row][vc_row equal_height=&#8221;&#8221; shift_y=&#8221;0&#8243; z_index=&#8221;0&#8243; css=&#8221;.vc_custom_1533807762926{margin-top: 0px !important;padding-top: 0px !important;}&#8221;][vc_column content_placement=&#8221;middle&#8221; width=&#8221;1\/2&#8243; shift_x=&#8221;0&#8243; shift_y=&#8221;0&#8243; z_index=&#8221;0&#8243;][vc_column_text]Re\u017eija: Stefan Tomi\u0107<br \/>\nScenarij: Stefan Tomi\u0107<br \/>\nFotografija: Stefan Tomi\u0107<br \/>\nMonta\u017ea: Aleksa Doveden<br \/>\nZvok: Stefan Tomi\u0107, Aleksa Doveden<br \/>\nGlasba: Stefan Tomi\u0107, Aleksa Doveden<br \/>\nNastopa: Stefan Tomi\u0107<br \/>\nProdukcija: Akademija umjetnosti Banja Luka[\/vc_column_text][\/vc_column][vc_column content_type=&#8221;block-media&#8221; width=&#8221;1\/2&#8243; shift_x=&#8221;0&#8243; shift_y=&#8221;0&#8243; z_index=&#8221;0&#8243;][vc_video][\/vc_column][\/vc_row]<\/p>\n","protected":false},"excerpt":{"rendered":"<p>Stefan Tomi\u0107, Bosna in Hercegovina, dokumentarni, 2019, 16&#8242;<\/p>\n","protected":false},"author":2,"featured_media":4961,"comment_status":"closed","ping_status":"open","sticky":false,"template":"","format":"standard","meta":[],"categories":[36,32],"tags":[],"_links":{"self":[{"href":"http:\/\/arhiv.fekk.si\/2020\/wp-json\/wp\/v2\/posts\/4092"}],"collection":[{"href":"http:\/\/arhiv.fekk.si\/2020\/wp-json\/wp\/v2\/posts"}],"about":[{"href":"http:\/\/arhiv.fekk.si\/2020\/wp-json\/wp\/v2\/types\/post"}],"author":[{"embeddable":true,"href":"http:\/\/arhiv.fekk.si\/2020\/wp-json\/wp\/v2\/users\/2"}],"replies":[{"embeddable":true,"href":"http:\/\/arhiv.fekk.si\/2020\/wp-json\/wp\/v2\/comments?post=4092"}],"version-history":[{"count":1,"href":"http:\/\/arhiv.fekk.si\/2020\/wp-json\/wp\/v2\/posts\/4092\/revisions"}],"predecessor-version":[{"id":4094,"href":"http:\/\/arhiv.fekk.si\/2020\/wp-json\/wp\/v2\/posts\/4092\/revisions\/4094"}],"wp:featuredmedia":[{"embeddable":true,"href":"http:\/\/arhiv.fekk.si\/2020\/wp-json\/wp\/v2\/media\/4961"}],"wp:attachment":[{"href":"http:\/\/arhiv.fekk.si\/2020\/wp-json\/wp\/v2\/media?parent=4092"}],"wp:term":[{"taxonomy":"category","embeddable":true,"href":"http:\/\/arhiv.fekk.si\/2020\/wp-json\/wp\/v2\/categories?post=4092"},{"taxonomy":"post_tag","embeddable":true,"href":"http:\/\/arhiv.fekk.si\/2020\/wp-json\/wp\/v2\/tags?post=4092"}],"curies":[{"name":"wp","href":"https:\/\/api.w.org\/{rel}","templated":true}]}}