{"id":3945,"date":"2020-07-31T16:51:08","date_gmt":"2020-07-31T14:51:08","guid":{"rendered":"http:\/\/www.fekk.si\/?p=3945"},"modified":"2020-08-04T18:18:49","modified_gmt":"2020-08-04T16:18:49","slug":"svoboda-gibanja-freedom-of-movement","status":"publish","type":"post","link":"http:\/\/arhiv.fekk.si\/2020\/svoboda-gibanja-freedom-of-movement\/","title":{"rendered":"Svoboda gibanja \/ Freedom of Movement"},"content":{"rendered":"<p>[vc_row equal_height=&#8221;&#8221; shift_y=&#8221;0&#8243; z_index=&#8221;0&#8243; css=&#8221;.vc_custom_1533807818269{margin-bottom: 50px !important;padding-bottom: 0px !important;}&#8221;][vc_column][vc_column_text]Nem\u010dija, Italija, dokumentarni, eksperimentalni, 2018, 29\u2019<\/p>\n<p>Na olimpijskih igrah leta 1960 v Rimu je Etiopijec Abebe Bikila Afriki bosonog pritekel prvo zlato medaljo in s tem postal \u0161portna legenda ter simbol afri\u0161ke osamosvojitve izpod kolonializma. Ustvarjalca sta ta dogodek sredi kontroverzne rimske racionalisti\u010dne arhitekture rekontekstualizirala kot novi maraton beguncev in migrantov ter njihovo pravico do svobode gibanja.[\/vc_column_text][\/vc_column][\/vc_row][vc_row equal_height=&#8221;&#8221; shift_y=&#8221;0&#8243; z_index=&#8221;0&#8243; css=&#8221;.vc_custom_1533807762926{margin-top: 0px !important;padding-top: 0px !important;}&#8221;][vc_column content_placement=&#8221;middle&#8221; width=&#8221;1\/2&#8243; shift_x=&#8221;0&#8243; shift_y=&#8221;0&#8243; z_index=&#8221;0&#8243;][vc_column_text]Re\u017eija: Maroan el Sani, Nina Fischer<br \/>\nScenarij: Maroan el Sani, Nina Fischer<br \/>\nFotografija: Johannes Praus, Maroan el Sani<br \/>\nMonta\u017ea: Nina Fischer<br \/>\nAnimacija: Jan Gieseking<br \/>\nZvok: Bernhard K\u00f6pke<br \/>\nNastopa: Soumalia Makadji<br \/>\nProdukcija: Nina Fischer[\/vc_column_text][\/vc_column][vc_column content_type=&#8221;block-media&#8221; width=&#8221;1\/2&#8243; shift_x=&#8221;0&#8243; shift_y=&#8221;0&#8243; z_index=&#8221;0&#8243;][vc_video link=&#8221;https:\/\/www.youtube.com\/watch?v=dHmCrZKW-OI&#8221;][\/vc_column][\/vc_row]<\/p>\n","protected":false},"excerpt":{"rendered":"<p>Maroan el Sani, Nina Fischer, Nem\u010dija, Italija, dokumentarni, eksperimentalnil, 2018, 29\u2019<\/p>\n","protected":false},"author":4,"featured_media":3861,"comment_status":"closed","ping_status":"open","sticky":false,"template":"","format":"standard","meta":[],"categories":[33,32],"tags":[],"_links":{"self":[{"href":"http:\/\/arhiv.fekk.si\/2020\/wp-json\/wp\/v2\/posts\/3945"}],"collection":[{"href":"http:\/\/arhiv.fekk.si\/2020\/wp-json\/wp\/v2\/posts"}],"about":[{"href":"http:\/\/arhiv.fekk.si\/2020\/wp-json\/wp\/v2\/types\/post"}],"author":[{"embeddable":true,"href":"http:\/\/arhiv.fekk.si\/2020\/wp-json\/wp\/v2\/users\/4"}],"replies":[{"embeddable":true,"href":"http:\/\/arhiv.fekk.si\/2020\/wp-json\/wp\/v2\/comments?post=3945"}],"version-history":[{"count":4,"href":"http:\/\/arhiv.fekk.si\/2020\/wp-json\/wp\/v2\/posts\/3945\/revisions"}],"predecessor-version":[{"id":4561,"href":"http:\/\/arhiv.fekk.si\/2020\/wp-json\/wp\/v2\/posts\/3945\/revisions\/4561"}],"wp:featuredmedia":[{"embeddable":true,"href":"http:\/\/arhiv.fekk.si\/2020\/wp-json\/wp\/v2\/media\/3861"}],"wp:attachment":[{"href":"http:\/\/arhiv.fekk.si\/2020\/wp-json\/wp\/v2\/media?parent=3945"}],"wp:term":[{"taxonomy":"category","embeddable":true,"href":"http:\/\/arhiv.fekk.si\/2020\/wp-json\/wp\/v2\/categories?post=3945"},{"taxonomy":"post_tag","embeddable":true,"href":"http:\/\/arhiv.fekk.si\/2020\/wp-json\/wp\/v2\/tags?post=3945"}],"curies":[{"name":"wp","href":"https:\/\/api.w.org\/{rel}","templated":true}]}}